{"id":21754,"date":"2022-03-21T14:24:45","date_gmt":"2022-03-21T13:24:45","guid":{"rendered":"https:\/\/www.jockel.de\/?p=21754"},"modified":"2022-03-31T08:39:37","modified_gmt":"2022-03-31T06:39:37","slug":"jockel-x-interschutz-2022","status":"publish","type":"post","link":"https:\/\/www.jockel.de\/fr\/jockel-x-interschutz-2022\/","title":{"rendered":"Jockel x Interschutz 2022"},"content":{"rendered":"<h2><strong>Feuerschutz Jockel au salon Interschutz 2022<\/strong><\/h2>\n<p>Le moment est enfin venu d'ouvrir \u00e0 nouveau les portes du salon Interschutz. Apr\u00e8s le report de l'Interschutz en raison de Corona, nous pouvons \u00e0 nouveau y participer personnellement.<\/p>\n<p>Nous sommes heureux de pouvoir enfin reprendre les \u00e9changes personnels avec eux. Les discussions d\u00e9veloppent une dynamique individuelle qu'il est difficile d'atteindre avec une solution num\u00e9rique. C'est pourquoi nous nous r\u00e9jouissons d'autant plus d'un \u00e9v\u00e9nement en direct et en couleur. Outre les temps forts de l'\u00e9v\u00e9nement, les conf\u00e9rences, les prix, les d\u00e9monstrations et les conf\u00e9renciers, il y aura un programme complet sur le th\u00e8me de la protection incendie.<\/p>\n<p>Les tendances actuelles et les produits phares pourront \u00e0 nouveau \u00eatre d\u00e9couverts de pr\u00e8s sur notre stand - bien entendu dans le respect des lois en vigueur sur la protection contre les infections.<\/p>\n<p>Nous vous invitons \u00e0 d\u00e9couvrir les th\u00e8mes actuels concernant le PFAS, la protection incendie durable et bien d'autres. Nous nous r\u00e9jouissons de votre visite au <strong>Parc des expositions de Hanovre du 20.06.22 au 25.06.22 sur le stand H13.F60.<\/strong><\/p>\n<p>Pour plus d'informations, consultez le <a href=\"https:\/\/www.interschutz.de\">Site web d'Interschutz\u00a0<\/a><\/p>\n<p>&nbsp;<\/p>\n<p>Fire protection Jockel \u00e0 l'Interschutz 2022<\/p>\n<p>Enfin, le temps est venu d'ouvrir les portes de l'Interschutz. Apr\u00e8s le report de l'Interschutz en raison de la Corona, nous pouvons \u00e0 nouveau y participer en personne.<\/p>\n<p>Nous sommes heureux de pouvoir enfin \u00e9changer \u00e0 nouveau des id\u00e9es avec vous en personne. Les conversations d\u00e9veloppent une dynamique individuelle qu'il est difficile d'atteindre par le biais d'une solution num\u00e9rique. C'est pourquoi nous sommes encore plus impatients d'assister \u00e0 un \u00e9v\u00e9nement en direct et en couleur. En plus des temps forts de l'\u00e9v\u00e9nement, des conf\u00e9rences, des prix, des d\u00e9monstrations et des intervenants, il y aura un programme complet autour du th\u00e8me de la protection contre l'incendie.<\/p>\n<p>Les tendances actuelles et les points forts pourront \u00eatre d\u00e9couverts de pr\u00e8s sur notre stand - en conformit\u00e9 avec les lois applicables en mati\u00e8re de contr\u00f4le des infections, bien entendu.<\/p>\n<p>Nous vous invitons \u00e0 explorer les th\u00e8mes actuels autour du PFAS, de la protection incendie durable et bien d'autres. Nous nous r\u00e9jouissons de votre visite au salon de Hanovre du 20.06.22 au 25.06.22 sur le stand H13.F60.<\/p>\n<p>Pour plus d'informations, veuillez visiter le site web de <a href=\"https:\/\/www.interschutz.de\">Interschutz\u00a0<\/a><\/p>\n<p>&nbsp;<\/p>","protected":false},"excerpt":{"rendered":"<p>Le moment est enfin venu d'ouvrir \u00e0 nouveau les portes du salon Interschutz. Apr\u00e8s le report de l'Interschutz en raison de Corona, nous pouvons \u00e0 nouveau y participer personnellement.<\/p>","protected":false},"author":10,"featured_media":21755,"comment_status":"closed","ping_status":"closed","sticky":false,"template":"","format":"standard","meta":{"footnotes":""},"categories":[1843],"tags":[],"class_list":["post-21754","post","type-post","status-publish","format-standard","has-post-thumbnail","hentry","category-termine"],"yoast_head":"<!-- This site is optimized with the Yoast SEO Premium plugin v27.0 (Yoast SEO v27.4) - https:\/\/yoast.com\/product\/yoast-seo-premium-wordpress\/ -->\n<title>Jockel x Interschutz 2022 &#8226; Jockel<\/title>\n<meta name=\"robots\" content=\"index, follow, max-snippet:-1, max-image-preview:large, max-video-preview:-1\" \/>\n<link rel=\"canonical\" href=\"https:\/\/www.jockel.de\/fr\/jockel-x-interschutz-2022\/\" \/>\n<meta property=\"og:locale\" content=\"fr_FR\" \/>\n<meta property=\"og:type\" content=\"article\" \/>\n<meta property=\"og:title\" content=\"Jockel x Interschutz 2022\" \/>\n<meta property=\"og:description\" content=\"Endlich ist es wieder so weit, die Interschutz \u00f6ffnet Ihre Tore. Nachdem die Interschutz aufgrund von Corona verschoben wurde, k\u00f6nnen wir nun wieder pers\u00f6nlich teilnehmen.\" \/>\n<meta property=\"og:url\" content=\"https:\/\/www.jockel.de\/fr\/jockel-x-interschutz-2022\/\" \/>\n<meta property=\"og:site_name\" content=\"Jockel\" \/>\n<meta property=\"article:published_time\" content=\"2022-03-21T13:24:45+00:00\" \/>\n<meta property=\"article:modified_time\" content=\"2022-03-31T06:39:37+00:00\" \/>\n<meta property=\"og:image\" content=\"https:\/\/www.jockel.de\/wp-content\/uploads\/Interschutz2022.jpg\" \/>\n\t<meta property=\"og:image:width\" content=\"1800\" \/>\n\t<meta property=\"og:image:height\" content=\"941\" \/>\n\t<meta property=\"og:image:type\" content=\"image\/jpeg\" \/>\n<meta name=\"author\" content=\"Sebastian\" \/>\n<meta name=\"twitter:card\" content=\"summary_large_image\" \/>\n<meta name=\"twitter:label1\" content=\"\u00c9crit par\" \/>\n\t<meta name=\"twitter:data1\" content=\"Sebastian\" \/>\n\t<meta name=\"twitter:label2\" content=\"Dur\u00e9e de lecture estim\u00e9e\" \/>\n\t<meta name=\"twitter:data2\" content=\"2 minutes\" \/>\n<script type=\"application\/ld+json\" class=\"yoast-schema-graph\">{\"@context\":\"https:\\\/\\\/schema.org\",\"@graph\":[{\"@type\":\"Article\",\"@id\":\"https:\\\/\\\/www.jockel.de\\\/jockel-x-interschutz-2022\\\/#article\",\"isPartOf\":{\"@id\":\"https:\\\/\\\/www.jockel.de\\\/jockel-x-interschutz-2022\\\/\"},\"author\":{\"name\":\"Sebastian\",\"@id\":\"https:\\\/\\\/www.jockel.de\\\/#\\\/schema\\\/person\\\/efea334de8188a2e4f6531832d44bbc9\"},\"headline\":\"Jockel x Interschutz 2022\",\"datePublished\":\"2022-03-21T13:24:45+00:00\",\"dateModified\":\"2022-03-31T06:39:37+00:00\",\"mainEntityOfPage\":{\"@id\":\"https:\\\/\\\/www.jockel.de\\\/jockel-x-interschutz-2022\\\/\"},\"wordCount\":329,\"publisher\":{\"@id\":\"https:\\\/\\\/www.jockel.de\\\/#organization\"},\"image\":{\"@id\":\"https:\\\/\\\/www.jockel.de\\\/jockel-x-interschutz-2022\\\/#primaryimage\"},\"thumbnailUrl\":\"https:\\\/\\\/www.jockel.de\\\/wp-content\\\/uploads\\\/Interschutz2022.jpg\",\"articleSection\":[\"Termine\"],\"inLanguage\":\"fr-FR\"},{\"@type\":\"WebPage\",\"@id\":\"https:\\\/\\\/www.jockel.de\\\/jockel-x-interschutz-2022\\\/\",\"url\":\"https:\\\/\\\/www.jockel.de\\\/jockel-x-interschutz-2022\\\/\",\"name\":\"Jockel x Interschutz 2022 &#8226; Jockel\",\"isPartOf\":{\"@id\":\"https:\\\/\\\/www.jockel.de\\\/#website\"},\"primaryImageOfPage\":{\"@id\":\"https:\\\/\\\/www.jockel.de\\\/jockel-x-interschutz-2022\\\/#primaryimage\"},\"image\":{\"@id\":\"https:\\\/\\\/www.jockel.de\\\/jockel-x-interschutz-2022\\\/#primaryimage\"},\"thumbnailUrl\":\"https:\\\/\\\/www.jockel.de\\\/wp-content\\\/uploads\\\/Interschutz2022.jpg\",\"datePublished\":\"2022-03-21T13:24:45+00:00\",\"dateModified\":\"2022-03-31T06:39:37+00:00\",\"breadcrumb\":{\"@id\":\"https:\\\/\\\/www.jockel.de\\\/jockel-x-interschutz-2022\\\/#breadcrumb\"},\"inLanguage\":\"fr-FR\",\"potentialAction\":[{\"@type\":\"ReadAction\",\"target\":[\"https:\\\/\\\/www.jockel.de\\\/jockel-x-interschutz-2022\\\/\"]}]},{\"@type\":\"ImageObject\",\"inLanguage\":\"fr-FR\",\"@id\":\"https:\\\/\\\/www.jockel.de\\\/jockel-x-interschutz-2022\\\/#primaryimage\",\"url\":\"https:\\\/\\\/www.jockel.de\\\/wp-content\\\/uploads\\\/Interschutz2022.jpg\",\"contentUrl\":\"https:\\\/\\\/www.jockel.de\\\/wp-content\\\/uploads\\\/Interschutz2022.jpg\",\"width\":1800,\"height\":941},{\"@type\":\"BreadcrumbList\",\"@id\":\"https:\\\/\\\/www.jockel.de\\\/jockel-x-interschutz-2022\\\/#breadcrumb\",\"itemListElement\":[{\"@type\":\"ListItem\",\"position\":1,\"name\":\"Home\",\"item\":\"https:\\\/\\\/www.jockel.de\\\/\"},{\"@type\":\"ListItem\",\"position\":2,\"name\":\"Jockel x Interschutz 2022\"}]},{\"@type\":\"WebSite\",\"@id\":\"https:\\\/\\\/www.jockel.de\\\/#website\",\"url\":\"https:\\\/\\\/www.jockel.de\\\/\",\"name\":\"Feuerschutz JOCKEL\",\"description\":\"Feuerschutz\",\"publisher\":{\"@id\":\"https:\\\/\\\/www.jockel.de\\\/#organization\"},\"potentialAction\":[{\"@type\":\"SearchAction\",\"target\":{\"@type\":\"EntryPoint\",\"urlTemplate\":\"https:\\\/\\\/www.jockel.de\\\/?s={search_term_string}\"},\"query-input\":{\"@type\":\"PropertyValueSpecification\",\"valueRequired\":true,\"valueName\":\"search_term_string\"}}],\"inLanguage\":\"fr-FR\"},{\"@type\":\"Organization\",\"@id\":\"https:\\\/\\\/www.jockel.de\\\/#organization\",\"name\":\"Feuerschutz JOCKEL GmbH & Co. KG\",\"url\":\"https:\\\/\\\/www.jockel.de\\\/\",\"logo\":{\"@type\":\"ImageObject\",\"inLanguage\":\"fr-FR\",\"@id\":\"https:\\\/\\\/www.jockel.de\\\/#\\\/schema\\\/logo\\\/image\\\/\",\"url\":\"https:\\\/\\\/www.jockel.de\\\/wp-content\\\/uploads\\\/cropped-jockelfavicon-1.png\",\"contentUrl\":\"https:\\\/\\\/www.jockel.de\\\/wp-content\\\/uploads\\\/cropped-jockelfavicon-1.png\",\"width\":512,\"height\":512,\"caption\":\"Feuerschutz JOCKEL GmbH & Co. KG\"},\"image\":{\"@id\":\"https:\\\/\\\/www.jockel.de\\\/#\\\/schema\\\/logo\\\/image\\\/\"}},{\"@type\":\"Person\",\"@id\":\"https:\\\/\\\/www.jockel.de\\\/#\\\/schema\\\/person\\\/efea334de8188a2e4f6531832d44bbc9\",\"name\":\"Sebastian\",\"url\":\"https:\\\/\\\/www.jockel.de\\\/fr\\\/author\\\/sebastian\\\/\"}]}<\/script>\n<!-- \/ Yoast SEO Premium plugin. -->","yoast_head_json":{"title":"Jockel x Interschutz 2022 - Jockel","robots":{"index":"index","follow":"follow","max-snippet":"max-snippet:-1","max-image-preview":"max-image-preview:large","max-video-preview":"max-video-preview:-1"},"canonical":"https:\/\/www.jockel.de\/fr\/jockel-x-interschutz-2022\/","og_locale":"fr_FR","og_type":"article","og_title":"Jockel x Interschutz 2022","og_description":"Endlich ist es wieder so weit, die Interschutz \u00f6ffnet Ihre Tore. Nachdem die Interschutz aufgrund von Corona verschoben wurde, k\u00f6nnen wir nun wieder pers\u00f6nlich teilnehmen.","og_url":"https:\/\/www.jockel.de\/fr\/jockel-x-interschutz-2022\/","og_site_name":"Jockel","article_published_time":"2022-03-21T13:24:45+00:00","article_modified_time":"2022-03-31T06:39:37+00:00","og_image":[{"width":1800,"height":941,"url":"https:\/\/www.jockel.de\/wp-content\/uploads\/Interschutz2022.jpg","type":"image\/jpeg"}],"author":"Sebastian","twitter_card":"summary_large_image","twitter_misc":{"\u00c9crit par":"Sebastian","Dur\u00e9e de lecture estim\u00e9e":"2 minutes"},"schema":{"@context":"https:\/\/schema.org","@graph":[{"@type":"Article","@id":"https:\/\/www.jockel.de\/jockel-x-interschutz-2022\/#article","isPartOf":{"@id":"https:\/\/www.jockel.de\/jockel-x-interschutz-2022\/"},"author":{"name":"Sebastian","@id":"https:\/\/www.jockel.de\/#\/schema\/person\/efea334de8188a2e4f6531832d44bbc9"},"headline":"Jockel x Interschutz 2022","datePublished":"2022-03-21T13:24:45+00:00","dateModified":"2022-03-31T06:39:37+00:00","mainEntityOfPage":{"@id":"https:\/\/www.jockel.de\/jockel-x-interschutz-2022\/"},"wordCount":329,"publisher":{"@id":"https:\/\/www.jockel.de\/#organization"},"image":{"@id":"https:\/\/www.jockel.de\/jockel-x-interschutz-2022\/#primaryimage"},"thumbnailUrl":"https:\/\/www.jockel.de\/wp-content\/uploads\/Interschutz2022.jpg","articleSection":["Termine"],"inLanguage":"fr-FR"},{"@type":"WebPage","@id":"https:\/\/www.jockel.de\/jockel-x-interschutz-2022\/","url":"https:\/\/www.jockel.de\/jockel-x-interschutz-2022\/","name":"Jockel x Interschutz 2022 - Jockel","isPartOf":{"@id":"https:\/\/www.jockel.de\/#website"},"primaryImageOfPage":{"@id":"https:\/\/www.jockel.de\/jockel-x-interschutz-2022\/#primaryimage"},"image":{"@id":"https:\/\/www.jockel.de\/jockel-x-interschutz-2022\/#primaryimage"},"thumbnailUrl":"https:\/\/www.jockel.de\/wp-content\/uploads\/Interschutz2022.jpg","datePublished":"2022-03-21T13:24:45+00:00","dateModified":"2022-03-31T06:39:37+00:00","breadcrumb":{"@id":"https:\/\/www.jockel.de\/jockel-x-interschutz-2022\/#breadcrumb"},"inLanguage":"fr-FR","potentialAction":[{"@type":"ReadAction","target":["https:\/\/www.jockel.de\/jockel-x-interschutz-2022\/"]}]},{"@type":"ImageObject","inLanguage":"fr-FR","@id":"https:\/\/www.jockel.de\/jockel-x-interschutz-2022\/#primaryimage","url":"https:\/\/www.jockel.de\/wp-content\/uploads\/Interschutz2022.jpg","contentUrl":"https:\/\/www.jockel.de\/wp-content\/uploads\/Interschutz2022.jpg","width":1800,"height":941},{"@type":"BreadcrumbList","@id":"https:\/\/www.jockel.de\/jockel-x-interschutz-2022\/#breadcrumb","itemListElement":[{"@type":"ListItem","position":1,"name":"Home","item":"https:\/\/www.jockel.de\/"},{"@type":"ListItem","position":2,"name":"Jockel x Interschutz 2022"}]},{"@type":"WebSite","@id":"https:\/\/www.jockel.de\/#website","url":"https:\/\/www.jockel.de\/","name":"Protection incendie JOCKEL","description":"Protection contre le feu","publisher":{"@id":"https:\/\/www.jockel.de\/#organization"},"potentialAction":[{"@type":"SearchAction","target":{"@type":"EntryPoint","urlTemplate":"https:\/\/www.jockel.de\/?s={search_term_string}"},"query-input":{"@type":"PropertyValueSpecification","valueRequired":true,"valueName":"search_term_string"}}],"inLanguage":"fr-FR"},{"@type":"Organization","@id":"https:\/\/www.jockel.de\/#organization","name":"Protection contre l'incendie JOCKEL GmbH &amp; Co. KG","url":"https:\/\/www.jockel.de\/","logo":{"@type":"ImageObject","inLanguage":"fr-FR","@id":"https:\/\/www.jockel.de\/#\/schema\/logo\/image\/","url":"https:\/\/www.jockel.de\/wp-content\/uploads\/cropped-jockelfavicon-1.png","contentUrl":"https:\/\/www.jockel.de\/wp-content\/uploads\/cropped-jockelfavicon-1.png","width":512,"height":512,"caption":"Feuerschutz JOCKEL GmbH & Co. KG"},"image":{"@id":"https:\/\/www.jockel.de\/#\/schema\/logo\/image\/"}},{"@type":"Person","@id":"https:\/\/www.jockel.de\/#\/schema\/person\/efea334de8188a2e4f6531832d44bbc9","name":"S\u00e9bastien","url":"https:\/\/www.jockel.de\/fr\/author\/sebastian\/"}]}},"_links":{"self":[{"href":"https:\/\/www.jockel.de\/fr\/wp-json\/wp\/v2\/posts\/21754","targetHints":{"allow":["GET"]}}],"collection":[{"href":"https:\/\/www.jockel.de\/fr\/wp-json\/wp\/v2\/posts"}],"about":[{"href":"https:\/\/www.jockel.de\/fr\/wp-json\/wp\/v2\/types\/post"}],"author":[{"embeddable":true,"href":"https:\/\/www.jockel.de\/fr\/wp-json\/wp\/v2\/users\/10"}],"replies":[{"embeddable":true,"href":"https:\/\/www.jockel.de\/fr\/wp-json\/wp\/v2\/comments?post=21754"}],"version-history":[{"count":5,"href":"https:\/\/www.jockel.de\/fr\/wp-json\/wp\/v2\/posts\/21754\/revisions"}],"predecessor-version":[{"id":23505,"href":"https:\/\/www.jockel.de\/fr\/wp-json\/wp\/v2\/posts\/21754\/revisions\/23505"}],"wp:featuredmedia":[{"embeddable":true,"href":"https:\/\/www.jockel.de\/fr\/wp-json\/wp\/v2\/media\/21755"}],"wp:attachment":[{"href":"https:\/\/www.jockel.de\/fr\/wp-json\/wp\/v2\/media?parent=21754"}],"wp:term":[{"taxonomy":"category","embeddable":true,"href":"https:\/\/www.jockel.de\/fr\/wp-json\/wp\/v2\/categories?post=21754"},{"taxonomy":"post_tag","embeddable":true,"href":"https:\/\/www.jockel.de\/fr\/wp-json\/wp\/v2\/tags?post=21754"}],"curies":[{"name":"wp","href":"https:\/\/api.w.org\/{rel}","templated":true}]}}